{"id":1007,"date":"2022-03-23T09:47:26","date_gmt":"2022-03-23T08:47:26","guid":{"rendered":"https:\/\/www.marierequillart.com\/w\/?p=1007"},"modified":"2024-09-16T21:03:38","modified_gmt":"2024-09-16T19:03:38","slug":"du-2-avril-au-15-avril-2022","status":"publish","type":"post","link":"https:\/\/www.marierequillart.com\/w\/archives\/1007","title":{"rendered":"du 2 avril au 15 avril 2022"},"content":{"rendered":"\n<p>Exposition collective sur l&rsquo;\u00eele de R\u00e9 \u00e0 la galerie Sennac de Meilhan \u00e0 la Flotte en R\u00e9.<\/p>\n\n\n<div class=\"wp-block-image\">\n<figure class=\"aligncenter size-large\"><img loading=\"lazy\" decoding=\"async\" width=\"724\" height=\"1024\" src=\"https:\/\/www.marierequillart.com\/w\/wp-content\/uploads\/2024\/09\/Galerie-Se\u0301nac-Affiche2022Vernissage-724x1024.jpeg\" alt=\"\" class=\"wp-image-1109\" srcset=\"https:\/\/www.marierequillart.com\/w\/wp-content\/uploads\/2024\/09\/Galerie-Se\u0301nac-Affiche2022Vernissage-724x1024.jpeg 724w, https:\/\/www.marierequillart.com\/w\/wp-content\/uploads\/2024\/09\/Galerie-Se\u0301nac-Affiche2022Vernissage-212x300.jpeg 212w, https:\/\/www.marierequillart.com\/w\/wp-content\/uploads\/2024\/09\/Galerie-Se\u0301nac-Affiche2022Vernissage-768x1086.jpeg 768w, https:\/\/www.marierequillart.com\/w\/wp-content\/uploads\/2024\/09\/Galerie-Se\u0301nac-Affiche2022Vernissage-1086x1536.jpeg 1086w, https:\/\/www.marierequillart.com\/w\/wp-content\/uploads\/2024\/09\/Galerie-Se\u0301nac-Affiche2022Vernissage-1448x2048.jpeg 1448w, https:\/\/www.marierequillart.com\/w\/wp-content\/uploads\/2024\/09\/Galerie-Se\u0301nac-Affiche2022Vernissage-scaled.jpeg 1810w\" sizes=\"auto, (max-width: 724px) 100vw, 724px\" \/><\/figure>\n<\/div>\n\n\n<p><\/p>\n","protected":false},"excerpt":{"rendered":"<p>Exposition collective sur l&rsquo;\u00eele de R\u00e9 \u00e0 la galerie Sennac de Meilhan \u00e0 la Flotte en R\u00e9.<\/p>\n","protected":false},"author":1,"featured_media":0,"comment_status":"closed","ping_status":"open","sticky":false,"template":"","format":"standard","meta":{"footnotes":""},"categories":[9],"tags":[],"class_list":["post-1007","post","type-post","status-publish","format-standard","hentry","category-actualites"],"_links":{"self":[{"href":"https:\/\/www.marierequillart.com\/w\/wp-json\/wp\/v2\/posts\/1007","targetHints":{"allow":["GET"]}}],"collection":[{"href":"https:\/\/www.marierequillart.com\/w\/wp-json\/wp\/v2\/posts"}],"about":[{"href":"https:\/\/www.marierequillart.com\/w\/wp-json\/wp\/v2\/types\/post"}],"author":[{"embeddable":true,"href":"https:\/\/www.marierequillart.com\/w\/wp-json\/wp\/v2\/users\/1"}],"replies":[{"embeddable":true,"href":"https:\/\/www.marierequillart.com\/w\/wp-json\/wp\/v2\/comments?post=1007"}],"version-history":[{"count":3,"href":"https:\/\/www.marierequillart.com\/w\/wp-json\/wp\/v2\/posts\/1007\/revisions"}],"predecessor-version":[{"id":1111,"href":"https:\/\/www.marierequillart.com\/w\/wp-json\/wp\/v2\/posts\/1007\/revisions\/1111"}],"wp:attachment":[{"href":"https:\/\/www.marierequillart.com\/w\/wp-json\/wp\/v2\/media?parent=1007"}],"wp:term":[{"taxonomy":"category","embeddable":true,"href":"https:\/\/www.marierequillart.com\/w\/wp-json\/wp\/v2\/categories?post=1007"},{"taxonomy":"post_tag","embeddable":true,"href":"https:\/\/www.marierequillart.com\/w\/wp-json\/wp\/v2\/tags?post=1007"}],"curies":[{"name":"wp","href":"https:\/\/api.w.org\/{rel}","templated":true}]}}