{"id":1027,"date":"2022-10-13T09:05:45","date_gmt":"2022-10-13T07:05:45","guid":{"rendered":"https:\/\/www.marierequillart.com\/w\/?p=1027"},"modified":"2022-10-13T09:06:04","modified_gmt":"2022-10-13T07:06:04","slug":"le-15-et-le-16-octobre","status":"publish","type":"post","link":"https:\/\/www.marierequillart.com\/w\/archives\/1027","title":{"rendered":"le 15 et le 16 octobre 2022"},"content":{"rendered":"<p>salon des artistes professionnels de Neuilly<\/p>\n<p>samedi 15 dimanche 16 de 11h \u00e0 18h<\/p>\n<p>Th\u00e9\u00e2tre des sablons- 70, avenue du roule Neuilly-sur-Seine<\/p>\n","protected":false},"excerpt":{"rendered":"<p>salon des artistes professionnels de Neuilly samedi 15 dimanche 16 de 11h \u00e0 18h Th\u00e9\u00e2tre des sablons- 70, avenue du roule Neuilly-sur-Seine<\/p>\n","protected":false},"author":1,"featured_media":0,"comment_status":"closed","ping_status":"open","sticky":false,"template":"","format":"standard","meta":{"footnotes":""},"categories":[9],"tags":[],"class_list":["post-1027","post","type-post","status-publish","format-standard","hentry","category-actualites"],"_links":{"self":[{"href":"https:\/\/www.marierequillart.com\/w\/wp-json\/wp\/v2\/posts\/1027","targetHints":{"allow":["GET"]}}],"collection":[{"href":"https:\/\/www.marierequillart.com\/w\/wp-json\/wp\/v2\/posts"}],"about":[{"href":"https:\/\/www.marierequillart.com\/w\/wp-json\/wp\/v2\/types\/post"}],"author":[{"embeddable":true,"href":"https:\/\/www.marierequillart.com\/w\/wp-json\/wp\/v2\/users\/1"}],"replies":[{"embeddable":true,"href":"https:\/\/www.marierequillart.com\/w\/wp-json\/wp\/v2\/comments?post=1027"}],"version-history":[{"count":2,"href":"https:\/\/www.marierequillart.com\/w\/wp-json\/wp\/v2\/posts\/1027\/revisions"}],"predecessor-version":[{"id":1029,"href":"https:\/\/www.marierequillart.com\/w\/wp-json\/wp\/v2\/posts\/1027\/revisions\/1029"}],"wp:attachment":[{"href":"https:\/\/www.marierequillart.com\/w\/wp-json\/wp\/v2\/media?parent=1027"}],"wp:term":[{"taxonomy":"category","embeddable":true,"href":"https:\/\/www.marierequillart.com\/w\/wp-json\/wp\/v2\/categories?post=1027"},{"taxonomy":"post_tag","embeddable":true,"href":"https:\/\/www.marierequillart.com\/w\/wp-json\/wp\/v2\/tags?post=1027"}],"curies":[{"name":"wp","href":"https:\/\/api.w.org\/{rel}","templated":true}]}}