{"id":1182,"date":"2025-07-31T21:55:02","date_gmt":"2025-07-31T19:55:02","guid":{"rendered":"https:\/\/www.marierequillart.com\/w\/?p=1182"},"modified":"2025-07-31T21:57:41","modified_gmt":"2025-07-31T19:57:41","slug":"du-13-au-19-aout-2025","status":"publish","type":"post","link":"https:\/\/www.marierequillart.com\/w\/archives\/1182","title":{"rendered":"du 13 au\u202f19 ao\u00fbt 2025"},"content":{"rendered":"\n<p>Exposition collective sur l\u2019\u00cele de R\u00e9 \u00e0 La Bienveillante, 29 bis avenue des Salines 17880 Les Portes en R\u00e9.<br><\/p>\n\n\n<div class=\"wp-block-image\">\n<figure class=\"aligncenter size-large\"><img loading=\"lazy\" decoding=\"async\" width=\"746\" height=\"1024\" src=\"https:\/\/www.marierequillart.com\/w\/wp-content\/uploads\/2025\/07\/43d04de5-48ce-404a-b644-7aacb89d5f42-746x1024.jpeg\" alt=\"\" class=\"wp-image-1184\" srcset=\"https:\/\/www.marierequillart.com\/w\/wp-content\/uploads\/2025\/07\/43d04de5-48ce-404a-b644-7aacb89d5f42-746x1024.jpeg 746w, https:\/\/www.marierequillart.com\/w\/wp-content\/uploads\/2025\/07\/43d04de5-48ce-404a-b644-7aacb89d5f42-218x300.jpeg 218w, https:\/\/www.marierequillart.com\/w\/wp-content\/uploads\/2025\/07\/43d04de5-48ce-404a-b644-7aacb89d5f42-768x1055.jpeg 768w, https:\/\/www.marierequillart.com\/w\/wp-content\/uploads\/2025\/07\/43d04de5-48ce-404a-b644-7aacb89d5f42-1118x1536.jpeg 1118w, https:\/\/www.marierequillart.com\/w\/wp-content\/uploads\/2025\/07\/43d04de5-48ce-404a-b644-7aacb89d5f42.jpeg 1165w\" sizes=\"auto, (max-width: 746px) 100vw, 746px\" \/><\/figure>\n<\/div>\n\n<div class=\"wp-block-image\">\n<figure class=\"aligncenter size-large\"><img loading=\"lazy\" decoding=\"async\" width=\"693\" height=\"1024\" src=\"https:\/\/www.marierequillart.com\/w\/wp-content\/uploads\/2025\/07\/4c3a96d1-b298-4fdb-acc4-13603e19fb79-693x1024.jpeg\" alt=\"\" class=\"wp-image-1183\" srcset=\"https:\/\/www.marierequillart.com\/w\/wp-content\/uploads\/2025\/07\/4c3a96d1-b298-4fdb-acc4-13603e19fb79-693x1024.jpeg 693w, https:\/\/www.marierequillart.com\/w\/wp-content\/uploads\/2025\/07\/4c3a96d1-b298-4fdb-acc4-13603e19fb79-203x300.jpeg 203w, https:\/\/www.marierequillart.com\/w\/wp-content\/uploads\/2025\/07\/4c3a96d1-b298-4fdb-acc4-13603e19fb79-768x1135.jpeg 768w, https:\/\/www.marierequillart.com\/w\/wp-content\/uploads\/2025\/07\/4c3a96d1-b298-4fdb-acc4-13603e19fb79-1040x1536.jpeg 1040w, https:\/\/www.marierequillart.com\/w\/wp-content\/uploads\/2025\/07\/4c3a96d1-b298-4fdb-acc4-13603e19fb79.jpeg 1083w\" sizes=\"auto, (max-width: 693px) 100vw, 693px\" \/><\/figure>\n<\/div>","protected":false},"excerpt":{"rendered":"<p>Exposition collective sur l\u2019\u00cele de R\u00e9 \u00e0 La Bienveillante, 29 bis avenue des Salines 17880 Les Portes en R\u00e9.<\/p>\n","protected":false},"author":1,"featured_media":0,"comment_status":"closed","ping_status":"open","sticky":false,"template":"","format":"standard","meta":{"footnotes":""},"categories":[9],"tags":[],"class_list":["post-1182","post","type-post","status-publish","format-standard","hentry","category-actualites"],"_links":{"self":[{"href":"https:\/\/www.marierequillart.com\/w\/wp-json\/wp\/v2\/posts\/1182","targetHints":{"allow":["GET"]}}],"collection":[{"href":"https:\/\/www.marierequillart.com\/w\/wp-json\/wp\/v2\/posts"}],"about":[{"href":"https:\/\/www.marierequillart.com\/w\/wp-json\/wp\/v2\/types\/post"}],"author":[{"embeddable":true,"href":"https:\/\/www.marierequillart.com\/w\/wp-json\/wp\/v2\/users\/1"}],"replies":[{"embeddable":true,"href":"https:\/\/www.marierequillart.com\/w\/wp-json\/wp\/v2\/comments?post=1182"}],"version-history":[{"count":4,"href":"https:\/\/www.marierequillart.com\/w\/wp-json\/wp\/v2\/posts\/1182\/revisions"}],"predecessor-version":[{"id":1189,"href":"https:\/\/www.marierequillart.com\/w\/wp-json\/wp\/v2\/posts\/1182\/revisions\/1189"}],"wp:attachment":[{"href":"https:\/\/www.marierequillart.com\/w\/wp-json\/wp\/v2\/media?parent=1182"}],"wp:term":[{"taxonomy":"category","embeddable":true,"href":"https:\/\/www.marierequillart.com\/w\/wp-json\/wp\/v2\/categories?post=1182"},{"taxonomy":"post_tag","embeddable":true,"href":"https:\/\/www.marierequillart.com\/w\/wp-json\/wp\/v2\/tags?post=1182"}],"curies":[{"name":"wp","href":"https:\/\/api.w.org\/{rel}","templated":true}]}}