{"id":266,"date":"2015-04-10T22:21:48","date_gmt":"2015-04-10T20:21:48","guid":{"rendered":"https:\/\/www.marierequillart.com\/w\/?p=266"},"modified":"2017-04-11T21:20:19","modified_gmt":"2017-04-11T19:20:19","slug":"14-mai-au-27-mai-2015","status":"publish","type":"post","link":"https:\/\/www.marierequillart.com\/w\/archives\/266","title":{"rendered":"27 avril au 10 mai 2015"},"content":{"rendered":"<p>Exposition collective \u00e0 la Galerie Beaut\u00e9 du Matin Calme dans le village Suisse au 50 avenue de la Motte Picquet Paris 15<sup>\u00e8me<\/sup>.<\/p>\n","protected":false},"excerpt":{"rendered":"<p>Exposition collective \u00e0 la Galerie Beaut\u00e9 du Matin Calme dans le village Suisse au 50 avenue de la Motte Picquet Paris 15\u00e8me.<\/p>\n","protected":false},"author":1,"featured_media":0,"comment_status":"closed","ping_status":"open","sticky":false,"template":"","format":"standard","meta":{"footnotes":""},"categories":[9],"tags":[],"class_list":["post-266","post","type-post","status-publish","format-standard","hentry","category-actualites"],"_links":{"self":[{"href":"https:\/\/www.marierequillart.com\/w\/wp-json\/wp\/v2\/posts\/266","targetHints":{"allow":["GET"]}}],"collection":[{"href":"https:\/\/www.marierequillart.com\/w\/wp-json\/wp\/v2\/posts"}],"about":[{"href":"https:\/\/www.marierequillart.com\/w\/wp-json\/wp\/v2\/types\/post"}],"author":[{"embeddable":true,"href":"https:\/\/www.marierequillart.com\/w\/wp-json\/wp\/v2\/users\/1"}],"replies":[{"embeddable":true,"href":"https:\/\/www.marierequillart.com\/w\/wp-json\/wp\/v2\/comments?post=266"}],"version-history":[{"count":2,"href":"https:\/\/www.marierequillart.com\/w\/wp-json\/wp\/v2\/posts\/266\/revisions"}],"predecessor-version":[{"id":271,"href":"https:\/\/www.marierequillart.com\/w\/wp-json\/wp\/v2\/posts\/266\/revisions\/271"}],"wp:attachment":[{"href":"https:\/\/www.marierequillart.com\/w\/wp-json\/wp\/v2\/media?parent=266"}],"wp:term":[{"taxonomy":"category","embeddable":true,"href":"https:\/\/www.marierequillart.com\/w\/wp-json\/wp\/v2\/categories?post=266"},{"taxonomy":"post_tag","embeddable":true,"href":"https:\/\/www.marierequillart.com\/w\/wp-json\/wp\/v2\/tags?post=266"}],"curies":[{"name":"wp","href":"https:\/\/api.w.org\/{rel}","templated":true}]}}