{"id":268,"date":"2015-05-10T21:16:43","date_gmt":"2015-05-10T19:16:43","guid":{"rendered":"https:\/\/www.marierequillart.com\/w\/?p=268"},"modified":"2017-04-11T21:19:06","modified_gmt":"2017-04-11T19:19:06","slug":"14-mai-au-27-mai-2015-2","status":"publish","type":"post","link":"https:\/\/www.marierequillart.com\/w\/archives\/268","title":{"rendered":"14 mai au 27 mai 2015"},"content":{"rendered":"<p>Exposition collective de la Palette de la Cit\u00e9 \u00e0 la galerie du Vert Galant au 52 quai des Orf\u00e8vres Paris 1<sup>er<\/sup>.<\/p>\n","protected":false},"excerpt":{"rendered":"<p>Exposition collective de la Palette de la Cit\u00e9 \u00e0 la galerie du Vert Galant au 52 quai des Orf\u00e8vres Paris 1er.<\/p>\n","protected":false},"author":1,"featured_media":0,"comment_status":"closed","ping_status":"open","sticky":false,"template":"","format":"standard","meta":{"footnotes":""},"categories":[9],"tags":[],"class_list":["post-268","post","type-post","status-publish","format-standard","hentry","category-actualites"],"_links":{"self":[{"href":"https:\/\/www.marierequillart.com\/w\/wp-json\/wp\/v2\/posts\/268","targetHints":{"allow":["GET"]}}],"collection":[{"href":"https:\/\/www.marierequillart.com\/w\/wp-json\/wp\/v2\/posts"}],"about":[{"href":"https:\/\/www.marierequillart.com\/w\/wp-json\/wp\/v2\/types\/post"}],"author":[{"embeddable":true,"href":"https:\/\/www.marierequillart.com\/w\/wp-json\/wp\/v2\/users\/1"}],"replies":[{"embeddable":true,"href":"https:\/\/www.marierequillart.com\/w\/wp-json\/wp\/v2\/comments?post=268"}],"version-history":[{"count":2,"href":"https:\/\/www.marierequillart.com\/w\/wp-json\/wp\/v2\/posts\/268\/revisions"}],"predecessor-version":[{"id":270,"href":"https:\/\/www.marierequillart.com\/w\/wp-json\/wp\/v2\/posts\/268\/revisions\/270"}],"wp:attachment":[{"href":"https:\/\/www.marierequillart.com\/w\/wp-json\/wp\/v2\/media?parent=268"}],"wp:term":[{"taxonomy":"category","embeddable":true,"href":"https:\/\/www.marierequillart.com\/w\/wp-json\/wp\/v2\/categories?post=268"},{"taxonomy":"post_tag","embeddable":true,"href":"https:\/\/www.marierequillart.com\/w\/wp-json\/wp\/v2\/tags?post=268"}],"curies":[{"name":"wp","href":"https:\/\/api.w.org\/{rel}","templated":true}]}}