{"id":277,"date":"2015-07-24T14:05:10","date_gmt":"2015-07-24T12:05:10","guid":{"rendered":"https:\/\/www.marierequillart.com\/w\/?p=277"},"modified":"2017-04-12T09:58:49","modified_gmt":"2017-04-12T07:58:49","slug":"15-aout-2015","status":"publish","type":"post","link":"https:\/\/www.marierequillart.com\/w\/archives\/277","title":{"rendered":"15 ao\u00fbt 2015"},"content":{"rendered":"<p>Exposition \u00e0 la journ\u00e9e des peintres \u00e0 <a href=\"http:\/\/www.loix.fr\/\">Loix en R\u00e9<\/a> sur la place du march\u00e9.<\/p>\n","protected":false},"excerpt":{"rendered":"<p>Exposition \u00e0 la journ\u00e9e des peintres \u00e0 Loix en R\u00e9 sur la place du march\u00e9.<\/p>\n","protected":false},"author":1,"featured_media":0,"comment_status":"closed","ping_status":"open","sticky":false,"template":"","format":"standard","meta":{"footnotes":""},"categories":[9],"tags":[],"class_list":["post-277","post","type-post","status-publish","format-standard","hentry","category-actualites"],"_links":{"self":[{"href":"https:\/\/www.marierequillart.com\/w\/wp-json\/wp\/v2\/posts\/277","targetHints":{"allow":["GET"]}}],"collection":[{"href":"https:\/\/www.marierequillart.com\/w\/wp-json\/wp\/v2\/posts"}],"about":[{"href":"https:\/\/www.marierequillart.com\/w\/wp-json\/wp\/v2\/types\/post"}],"author":[{"embeddable":true,"href":"https:\/\/www.marierequillart.com\/w\/wp-json\/wp\/v2\/users\/1"}],"replies":[{"embeddable":true,"href":"https:\/\/www.marierequillart.com\/w\/wp-json\/wp\/v2\/comments?post=277"}],"version-history":[{"count":2,"href":"https:\/\/www.marierequillart.com\/w\/wp-json\/wp\/v2\/posts\/277\/revisions"}],"predecessor-version":[{"id":279,"href":"https:\/\/www.marierequillart.com\/w\/wp-json\/wp\/v2\/posts\/277\/revisions\/279"}],"wp:attachment":[{"href":"https:\/\/www.marierequillart.com\/w\/wp-json\/wp\/v2\/media?parent=277"}],"wp:term":[{"taxonomy":"category","embeddable":true,"href":"https:\/\/www.marierequillart.com\/w\/wp-json\/wp\/v2\/categories?post=277"},{"taxonomy":"post_tag","embeddable":true,"href":"https:\/\/www.marierequillart.com\/w\/wp-json\/wp\/v2\/tags?post=277"}],"curies":[{"name":"wp","href":"https:\/\/api.w.org\/{rel}","templated":true}]}}