{"id":280,"date":"2015-08-28T16:32:20","date_gmt":"2015-08-28T14:32:20","guid":{"rendered":"https:\/\/www.marierequillart.com\/w\/?p=280"},"modified":"2017-04-12T10:00:38","modified_gmt":"2017-04-12T08:00:38","slug":"19-20-septembre-2015","status":"publish","type":"post","link":"https:\/\/www.marierequillart.com\/w\/archives\/280","title":{"rendered":"19-20 septembre 2015"},"content":{"rendered":"<p>Exposition de sculptures et cr\u00e9ation d&rsquo;une \u0153uvre \u00e9ph\u00e9m\u00e8re \u00e0 la fondation Paul Parquet dans le cadre des journ\u00e9es du patrimoine (41 boulevard Paul \u00c9mile Victor \u00e0 Neuilly sur Seine).<\/p>\n","protected":false},"excerpt":{"rendered":"<p>Exposition de sculptures et cr\u00e9ation d&rsquo;une \u0153uvre \u00e9ph\u00e9m\u00e8re \u00e0 la fondation Paul Parquet dans le cadre des journ\u00e9es du patrimoine (41 boulevard Paul \u00c9mile Victor \u00e0 Neuilly sur Seine).<\/p>\n","protected":false},"author":1,"featured_media":0,"comment_status":"closed","ping_status":"open","sticky":false,"template":"","format":"standard","meta":{"footnotes":""},"categories":[9],"tags":[],"class_list":["post-280","post","type-post","status-publish","format-standard","hentry","category-actualites"],"_links":{"self":[{"href":"https:\/\/www.marierequillart.com\/w\/wp-json\/wp\/v2\/posts\/280","targetHints":{"allow":["GET"]}}],"collection":[{"href":"https:\/\/www.marierequillart.com\/w\/wp-json\/wp\/v2\/posts"}],"about":[{"href":"https:\/\/www.marierequillart.com\/w\/wp-json\/wp\/v2\/types\/post"}],"author":[{"embeddable":true,"href":"https:\/\/www.marierequillart.com\/w\/wp-json\/wp\/v2\/users\/1"}],"replies":[{"embeddable":true,"href":"https:\/\/www.marierequillart.com\/w\/wp-json\/wp\/v2\/comments?post=280"}],"version-history":[{"count":1,"href":"https:\/\/www.marierequillart.com\/w\/wp-json\/wp\/v2\/posts\/280\/revisions"}],"predecessor-version":[{"id":281,"href":"https:\/\/www.marierequillart.com\/w\/wp-json\/wp\/v2\/posts\/280\/revisions\/281"}],"wp:attachment":[{"href":"https:\/\/www.marierequillart.com\/w\/wp-json\/wp\/v2\/media?parent=280"}],"wp:term":[{"taxonomy":"category","embeddable":true,"href":"https:\/\/www.marierequillart.com\/w\/wp-json\/wp\/v2\/categories?post=280"},{"taxonomy":"post_tag","embeddable":true,"href":"https:\/\/www.marierequillart.com\/w\/wp-json\/wp\/v2\/tags?post=280"}],"curies":[{"name":"wp","href":"https:\/\/api.w.org\/{rel}","templated":true}]}}