{"id":646,"date":"2017-10-05T08:49:08","date_gmt":"2017-10-05T06:49:08","guid":{"rendered":"https:\/\/www.marierequillart.com\/w\/?p=646"},"modified":"2017-10-05T08:49:08","modified_gmt":"2017-10-05T06:49:08","slug":"du-samedi-7-au-samedi-14-octobre-2017","status":"publish","type":"post","link":"https:\/\/www.marierequillart.com\/w\/archives\/646","title":{"rendered":"du samedi 7 au samedi 14 octobre 2017"},"content":{"rendered":"<p>Cette ann\u00e9e, les artistes de Neuilly rendent hommage \u00e0 Jacques Pr\u00e9vert au th\u00e9\u00e2tre des Sablons de 14h. \u00e0 18h. J\u2019y exposerai deux \u0153uvres.<\/p>\n","protected":false},"excerpt":{"rendered":"<p>Cette ann\u00e9e, les artistes de Neuilly rendent hommage \u00e0 Jacques Pr\u00e9vert au th\u00e9\u00e2tre des Sablons de 14h. \u00e0 18h. J\u2019y exposerai deux \u0153uvres.<\/p>\n","protected":false},"author":1,"featured_media":0,"comment_status":"closed","ping_status":"open","sticky":false,"template":"","format":"standard","meta":{"footnotes":""},"categories":[9],"tags":[],"class_list":["post-646","post","type-post","status-publish","format-standard","hentry","category-actualites"],"_links":{"self":[{"href":"https:\/\/www.marierequillart.com\/w\/wp-json\/wp\/v2\/posts\/646","targetHints":{"allow":["GET"]}}],"collection":[{"href":"https:\/\/www.marierequillart.com\/w\/wp-json\/wp\/v2\/posts"}],"about":[{"href":"https:\/\/www.marierequillart.com\/w\/wp-json\/wp\/v2\/types\/post"}],"author":[{"embeddable":true,"href":"https:\/\/www.marierequillart.com\/w\/wp-json\/wp\/v2\/users\/1"}],"replies":[{"embeddable":true,"href":"https:\/\/www.marierequillart.com\/w\/wp-json\/wp\/v2\/comments?post=646"}],"version-history":[{"count":1,"href":"https:\/\/www.marierequillart.com\/w\/wp-json\/wp\/v2\/posts\/646\/revisions"}],"predecessor-version":[{"id":647,"href":"https:\/\/www.marierequillart.com\/w\/wp-json\/wp\/v2\/posts\/646\/revisions\/647"}],"wp:attachment":[{"href":"https:\/\/www.marierequillart.com\/w\/wp-json\/wp\/v2\/media?parent=646"}],"wp:term":[{"taxonomy":"category","embeddable":true,"href":"https:\/\/www.marierequillart.com\/w\/wp-json\/wp\/v2\/categories?post=646"},{"taxonomy":"post_tag","embeddable":true,"href":"https:\/\/www.marierequillart.com\/w\/wp-json\/wp\/v2\/tags?post=646"}],"curies":[{"name":"wp","href":"https:\/\/api.w.org\/{rel}","templated":true}]}}