{"id":733,"date":"2018-07-21T16:03:52","date_gmt":"2018-07-21T14:03:52","guid":{"rendered":"https:\/\/www.marierequillart.com\/w\/?p=733"},"modified":"2019-06-10T15:06:53","modified_gmt":"2019-06-10T13:06:53","slug":"du-12-au-18-aout-2018","status":"publish","type":"post","link":"https:\/\/www.marierequillart.com\/w\/archives\/733","title":{"rendered":"du 12 au 18 ao\u00fbt 2018"},"content":{"rendered":"<p>Exposition collective sur l&rsquo;\u00cele de R\u00e9 \u00e0 La Bienveillante, 29 bis avenue des Salines 17880 Les Portes en R\u00e9.<\/p>\n<p><a href=\"https:\/\/www.marierequillart.com\/w\/wp-content\/uploads\/2018\/07\/flyer-pour-mail.jpeg\" target=\"_blank\" rel=\"noopener noreferrer\"><img loading=\"lazy\" decoding=\"async\" class=\"aligncenter wp-image-734 size-medium\" src=\"https:\/\/www.marierequillart.com\/w\/wp-content\/uploads\/2018\/07\/flyer-pour-mail-210x300.jpeg\" alt=\"\" width=\"210\" height=\"300\" srcset=\"https:\/\/www.marierequillart.com\/w\/wp-content\/uploads\/2018\/07\/flyer-pour-mail-210x300.jpeg 210w, https:\/\/www.marierequillart.com\/w\/wp-content\/uploads\/2018\/07\/flyer-pour-mail.jpeg 662w\" sizes=\"auto, (max-width: 210px) 100vw, 210px\" \/><\/a><\/p>\n","protected":false},"excerpt":{"rendered":"<p>Exposition collective sur l&rsquo;\u00cele de R\u00e9 \u00e0 La Bienveillante, 29 bis avenue des Salines 17880 Les Portes en R\u00e9.<\/p>\n","protected":false},"author":1,"featured_media":0,"comment_status":"closed","ping_status":"open","sticky":false,"template":"","format":"standard","meta":{"footnotes":""},"categories":[9],"tags":[],"class_list":["post-733","post","type-post","status-publish","format-standard","hentry","category-actualites"],"_links":{"self":[{"href":"https:\/\/www.marierequillart.com\/w\/wp-json\/wp\/v2\/posts\/733","targetHints":{"allow":["GET"]}}],"collection":[{"href":"https:\/\/www.marierequillart.com\/w\/wp-json\/wp\/v2\/posts"}],"about":[{"href":"https:\/\/www.marierequillart.com\/w\/wp-json\/wp\/v2\/types\/post"}],"author":[{"embeddable":true,"href":"https:\/\/www.marierequillart.com\/w\/wp-json\/wp\/v2\/users\/1"}],"replies":[{"embeddable":true,"href":"https:\/\/www.marierequillart.com\/w\/wp-json\/wp\/v2\/comments?post=733"}],"version-history":[{"count":3,"href":"https:\/\/www.marierequillart.com\/w\/wp-json\/wp\/v2\/posts\/733\/revisions"}],"predecessor-version":[{"id":781,"href":"https:\/\/www.marierequillart.com\/w\/wp-json\/wp\/v2\/posts\/733\/revisions\/781"}],"wp:attachment":[{"href":"https:\/\/www.marierequillart.com\/w\/wp-json\/wp\/v2\/media?parent=733"}],"wp:term":[{"taxonomy":"category","embeddable":true,"href":"https:\/\/www.marierequillart.com\/w\/wp-json\/wp\/v2\/categories?post=733"},{"taxonomy":"post_tag","embeddable":true,"href":"https:\/\/www.marierequillart.com\/w\/wp-json\/wp\/v2\/tags?post=733"}],"curies":[{"name":"wp","href":"https:\/\/api.w.org\/{rel}","templated":true}]}}