{"id":743,"date":"2018-10-04T08:35:57","date_gmt":"2018-10-04T06:35:57","guid":{"rendered":"https:\/\/www.marierequillart.com\/w\/?p=743"},"modified":"2018-10-04T08:35:57","modified_gmt":"2018-10-04T06:35:57","slug":"du-7-au-21-octobre","status":"publish","type":"post","link":"https:\/\/www.marierequillart.com\/w\/archives\/743","title":{"rendered":"du 7 au 21 octobre"},"content":{"rendered":"<p>Participation \u00e0 la 13<sup>\u00e8me<\/sup> biennale de sculptures animali\u00e8res de Rambouillet, 64 rue Gambetta, salle Paten\u00f4tre.<\/p>\n","protected":false},"excerpt":{"rendered":"<p>Participation \u00e0 la 13\u00e8me biennale de sculptures animali\u00e8res de Rambouillet, 64 rue Gambetta, salle Paten\u00f4tre.<\/p>\n","protected":false},"author":1,"featured_media":0,"comment_status":"closed","ping_status":"open","sticky":false,"template":"","format":"standard","meta":{"footnotes":""},"categories":[9],"tags":[],"class_list":["post-743","post","type-post","status-publish","format-standard","hentry","category-actualites"],"_links":{"self":[{"href":"https:\/\/www.marierequillart.com\/w\/wp-json\/wp\/v2\/posts\/743","targetHints":{"allow":["GET"]}}],"collection":[{"href":"https:\/\/www.marierequillart.com\/w\/wp-json\/wp\/v2\/posts"}],"about":[{"href":"https:\/\/www.marierequillart.com\/w\/wp-json\/wp\/v2\/types\/post"}],"author":[{"embeddable":true,"href":"https:\/\/www.marierequillart.com\/w\/wp-json\/wp\/v2\/users\/1"}],"replies":[{"embeddable":true,"href":"https:\/\/www.marierequillart.com\/w\/wp-json\/wp\/v2\/comments?post=743"}],"version-history":[{"count":1,"href":"https:\/\/www.marierequillart.com\/w\/wp-json\/wp\/v2\/posts\/743\/revisions"}],"predecessor-version":[{"id":744,"href":"https:\/\/www.marierequillart.com\/w\/wp-json\/wp\/v2\/posts\/743\/revisions\/744"}],"wp:attachment":[{"href":"https:\/\/www.marierequillart.com\/w\/wp-json\/wp\/v2\/media?parent=743"}],"wp:term":[{"taxonomy":"category","embeddable":true,"href":"https:\/\/www.marierequillart.com\/w\/wp-json\/wp\/v2\/categories?post=743"},{"taxonomy":"post_tag","embeddable":true,"href":"https:\/\/www.marierequillart.com\/w\/wp-json\/wp\/v2\/tags?post=743"}],"curies":[{"name":"wp","href":"https:\/\/api.w.org\/{rel}","templated":true}]}}