{"id":753,"date":"2018-11-13T21:13:00","date_gmt":"2018-11-13T20:13:00","guid":{"rendered":"https:\/\/www.marierequillart.com\/w\/?p=753"},"modified":"2018-11-13T23:06:02","modified_gmt":"2018-11-13T22:06:02","slug":"du-29-novembre-2018-au-12-janvier-2019","status":"publish","type":"post","link":"https:\/\/www.marierequillart.com\/w\/archives\/753","title":{"rendered":"du 30 novembre 2018 au 12 janvier 2019"},"content":{"rendered":"\n<h2 class=\"wp-block-heading\">Galerie Mondapart<\/h2>\n\n\n\n<figure class=\"wp-block-image\"><img loading=\"lazy\" decoding=\"async\" width=\"750\" height=\"504\" src=\"https:\/\/www.marierequillart.com\/w\/wp-content\/uploads\/2018\/11\/bandeauFB1920-1020.jpg\" alt=\"\" class=\"wp-image-756\" srcset=\"https:\/\/www.marierequillart.com\/w\/wp-content\/uploads\/2018\/11\/bandeauFB1920-1020.jpg 750w, https:\/\/www.marierequillart.com\/w\/wp-content\/uploads\/2018\/11\/bandeauFB1920-1020-300x202.jpg 300w\" sizes=\"auto, (max-width: 750px) 100vw, 750px\" \/><\/figure>\n\n\n\n<p>Exposition en duo avec la peintre <a href=\"https:\/\/www.amelinevanot.com\/\">Ameline Vanot<\/a> dans la belle galerie <a href=\"https:\/\/www.galeriemondapart.com\/\">Mondapart<\/a>.<br>80 rue du Ch\u00e2teau \u00e0 Boulogne-Billancourt. La galerie est ouverte du mercredi au samedi de 14h30 \u00e0 19h30, le dimanche sur RDV. La galerie sera exceptionnellement ferm\u00e9e pendant les vacances scolaires parisiennes..<\/p>\n\n\n\n<p><\/p>\n","protected":false},"excerpt":{"rendered":"<p>Galerie Mondapart Exposition en duo avec la peintre Ameline Vanot dans la belle galerie Mondapart.80 rue du Ch\u00e2teau \u00e0 Boulogne-Billancourt. La galerie est ouverte du mercredi au samedi de 14h30 \u00e0 19h30, le dimanche sur RDV. La galerie sera exceptionnellement [&hellip;]<\/p>\n","protected":false},"author":1,"featured_media":0,"comment_status":"closed","ping_status":"open","sticky":false,"template":"","format":"standard","meta":{"footnotes":""},"categories":[9],"tags":[],"class_list":["post-753","post","type-post","status-publish","format-standard","hentry","category-actualites"],"_links":{"self":[{"href":"https:\/\/www.marierequillart.com\/w\/wp-json\/wp\/v2\/posts\/753","targetHints":{"allow":["GET"]}}],"collection":[{"href":"https:\/\/www.marierequillart.com\/w\/wp-json\/wp\/v2\/posts"}],"about":[{"href":"https:\/\/www.marierequillart.com\/w\/wp-json\/wp\/v2\/types\/post"}],"author":[{"embeddable":true,"href":"https:\/\/www.marierequillart.com\/w\/wp-json\/wp\/v2\/users\/1"}],"replies":[{"embeddable":true,"href":"https:\/\/www.marierequillart.com\/w\/wp-json\/wp\/v2\/comments?post=753"}],"version-history":[{"count":8,"href":"https:\/\/www.marierequillart.com\/w\/wp-json\/wp\/v2\/posts\/753\/revisions"}],"predecessor-version":[{"id":762,"href":"https:\/\/www.marierequillart.com\/w\/wp-json\/wp\/v2\/posts\/753\/revisions\/762"}],"wp:attachment":[{"href":"https:\/\/www.marierequillart.com\/w\/wp-json\/wp\/v2\/media?parent=753"}],"wp:term":[{"taxonomy":"category","embeddable":true,"href":"https:\/\/www.marierequillart.com\/w\/wp-json\/wp\/v2\/categories?post=753"},{"taxonomy":"post_tag","embeddable":true,"href":"https:\/\/www.marierequillart.com\/w\/wp-json\/wp\/v2\/tags?post=753"}],"curies":[{"name":"wp","href":"https:\/\/api.w.org\/{rel}","templated":true}]}}