{"id":766,"date":"2019-01-13T15:49:26","date_gmt":"2019-01-13T14:49:26","guid":{"rendered":"https:\/\/www.marierequillart.com\/w\/?p=766"},"modified":"2019-01-13T15:49:27","modified_gmt":"2019-01-13T14:49:27","slug":"du-18-au-27-janvier-2019","status":"publish","type":"post","link":"https:\/\/www.marierequillart.com\/w\/archives\/766","title":{"rendered":"du 18 au 27 janvier 2019"},"content":{"rendered":"\n<div class=\"wp-block-image\"><figure class=\"aligncenter is-resized\"><img loading=\"lazy\" decoding=\"async\" src=\"https:\/\/www.marierequillart.com\/w\/wp-content\/uploads\/2019\/01\/Carte-Blanche_Invitation_2019-722x1024.jpg\" alt=\"\" class=\"wp-image-768\" width=\"486\" height=\"689\" srcset=\"https:\/\/www.marierequillart.com\/w\/wp-content\/uploads\/2019\/01\/Carte-Blanche_Invitation_2019-722x1024.jpg 722w, https:\/\/www.marierequillart.com\/w\/wp-content\/uploads\/2019\/01\/Carte-Blanche_Invitation_2019-212x300.jpg 212w, https:\/\/www.marierequillart.com\/w\/wp-content\/uploads\/2019\/01\/Carte-Blanche_Invitation_2019-768x1089.jpg 768w, https:\/\/www.marierequillart.com\/w\/wp-content\/uploads\/2019\/01\/Carte-Blanche_Invitation_2019.jpg 875w\" sizes=\"auto, (max-width: 486px) 100vw, 486px\" \/><\/figure><\/div>\n\n\n\n<p>Exposition collective lors de la 7<sup>\u00e8me<\/sup> \u00e9dition de la carte blanche aux galeries d&rsquo;art \u00e0 l&rsquo;espace Landowski, 28 avenue Andr\u00e9-Morizet \u00e0 Boulogne-Billancourt.<\/p>\n","protected":false},"excerpt":{"rendered":"<p>Exposition collective lors de la 7\u00e8me \u00e9dition de la carte blanche aux galeries d&rsquo;art \u00e0 l&rsquo;espace Landowski, 28 avenue Andr\u00e9-Morizet \u00e0 Boulogne-Billancourt.<\/p>\n","protected":false},"author":1,"featured_media":0,"comment_status":"closed","ping_status":"open","sticky":false,"template":"","format":"standard","meta":{"footnotes":""},"categories":[9],"tags":[],"class_list":["post-766","post","type-post","status-publish","format-standard","hentry","category-actualites"],"_links":{"self":[{"href":"https:\/\/www.marierequillart.com\/w\/wp-json\/wp\/v2\/posts\/766","targetHints":{"allow":["GET"]}}],"collection":[{"href":"https:\/\/www.marierequillart.com\/w\/wp-json\/wp\/v2\/posts"}],"about":[{"href":"https:\/\/www.marierequillart.com\/w\/wp-json\/wp\/v2\/types\/post"}],"author":[{"embeddable":true,"href":"https:\/\/www.marierequillart.com\/w\/wp-json\/wp\/v2\/users\/1"}],"replies":[{"embeddable":true,"href":"https:\/\/www.marierequillart.com\/w\/wp-json\/wp\/v2\/comments?post=766"}],"version-history":[{"count":1,"href":"https:\/\/www.marierequillart.com\/w\/wp-json\/wp\/v2\/posts\/766\/revisions"}],"predecessor-version":[{"id":769,"href":"https:\/\/www.marierequillart.com\/w\/wp-json\/wp\/v2\/posts\/766\/revisions\/769"}],"wp:attachment":[{"href":"https:\/\/www.marierequillart.com\/w\/wp-json\/wp\/v2\/media?parent=766"}],"wp:term":[{"taxonomy":"category","embeddable":true,"href":"https:\/\/www.marierequillart.com\/w\/wp-json\/wp\/v2\/categories?post=766"},{"taxonomy":"post_tag","embeddable":true,"href":"https:\/\/www.marierequillart.com\/w\/wp-json\/wp\/v2\/tags?post=766"}],"curies":[{"name":"wp","href":"https:\/\/api.w.org\/{rel}","templated":true}]}}