{"id":783,"date":"2019-06-01T11:00:13","date_gmt":"2019-06-01T09:00:13","guid":{"rendered":"https:\/\/www.marierequillart.com\/w\/?p=783"},"modified":"2019-06-01T11:36:30","modified_gmt":"2019-06-01T09:36:30","slug":"du-6-juin-au-13-juillet-2019","status":"publish","type":"post","link":"https:\/\/www.marierequillart.com\/w\/archives\/783","title":{"rendered":"du 6 juin au 13 juillet 2019"},"content":{"rendered":"\n<ul class=\"wp-block-gallery columns-3 is-cropped wp-block-gallery-1 is-layout-flex wp-block-gallery-is-layout-flex\"><li class=\"blocks-gallery-item\"><figure><a href=\"https:\/\/www.marierequillart.com\/w\/wp-content\/uploads\/2019\/06\/IMG_8795-1024x732.jpg\"><img loading=\"lazy\" decoding=\"async\" width=\"1024\" height=\"732\" src=\"https:\/\/www.marierequillart.com\/w\/wp-content\/uploads\/2019\/06\/IMG_8795-1024x732.jpg\" alt=\"\" data-id=\"788\" data-link=\"https:\/\/www.marierequillart.com\/w\/img_8795\/\" class=\"wp-image-788\" srcset=\"https:\/\/www.marierequillart.com\/w\/wp-content\/uploads\/2019\/06\/IMG_8795-1024x732.jpg 1024w, https:\/\/www.marierequillart.com\/w\/wp-content\/uploads\/2019\/06\/IMG_8795-300x214.jpg 300w, https:\/\/www.marierequillart.com\/w\/wp-content\/uploads\/2019\/06\/IMG_8795-768x549.jpg 768w, https:\/\/www.marierequillart.com\/w\/wp-content\/uploads\/2019\/06\/IMG_8795.jpg 1446w\" sizes=\"auto, (max-width: 1024px) 100vw, 1024px\" \/><\/a><\/figure><\/li><li class=\"blocks-gallery-item\"><figure><a href=\"https:\/\/www.marierequillart.com\/w\/wp-content\/uploads\/2019\/06\/BAIN-DE-SOLEIL-verso-1024x725.jpg\"><img loading=\"lazy\" decoding=\"async\" width=\"1024\" height=\"725\" src=\"https:\/\/www.marierequillart.com\/w\/wp-content\/uploads\/2019\/06\/BAIN-DE-SOLEIL-verso-1024x725.jpg\" alt=\"\" data-id=\"786\" data-link=\"https:\/\/www.marierequillart.com\/w\/du-6-juin-au-13-juillet-2019\/bain-de-soleil-verso\/\" class=\"wp-image-786\" srcset=\"https:\/\/www.marierequillart.com\/w\/wp-content\/uploads\/2019\/06\/BAIN-DE-SOLEIL-verso-1024x725.jpg 1024w, https:\/\/www.marierequillart.com\/w\/wp-content\/uploads\/2019\/06\/BAIN-DE-SOLEIL-verso-300x212.jpg 300w, https:\/\/www.marierequillart.com\/w\/wp-content\/uploads\/2019\/06\/BAIN-DE-SOLEIL-verso-768x543.jpg 768w\" sizes=\"auto, (max-width: 1024px) 100vw, 1024px\" \/><\/a><\/figure><\/li><li class=\"blocks-gallery-item\"><figure><a href=\"https:\/\/www.marierequillart.com\/w\/wp-content\/uploads\/2019\/06\/BAIN-DE-SOLEIL-recto-1024x725.jpg\"><img loading=\"lazy\" decoding=\"async\" width=\"1024\" height=\"725\" src=\"https:\/\/www.marierequillart.com\/w\/wp-content\/uploads\/2019\/06\/BAIN-DE-SOLEIL-recto-1024x725.jpg\" alt=\"\" data-id=\"785\" data-link=\"https:\/\/www.marierequillart.com\/w\/du-6-juin-au-13-juillet-2019\/bain-de-soleil-recto\/\" class=\"wp-image-785\" srcset=\"https:\/\/www.marierequillart.com\/w\/wp-content\/uploads\/2019\/06\/BAIN-DE-SOLEIL-recto-1024x725.jpg 1024w, https:\/\/www.marierequillart.com\/w\/wp-content\/uploads\/2019\/06\/BAIN-DE-SOLEIL-recto-300x212.jpg 300w, https:\/\/www.marierequillart.com\/w\/wp-content\/uploads\/2019\/06\/BAIN-DE-SOLEIL-recto-768x543.jpg 768w\" sizes=\"auto, (max-width: 1024px) 100vw, 1024px\" \/><\/a><\/figure><\/li><\/ul>\n\n\n\n<p>Exposition au pr\u00e8s de la peintre <a rel=\"noreferrer noopener\" aria-label=\"Val\u00e9rie B\u00e9toulaud (s\u2019ouvre dans un nouvel onglet)\" href=\"https:\/\/valeriebetoulaud.odexpo.com\" target=\"_blank\">Val\u00e9rie B\u00e9toulaud<\/a> \u00e0 la galerie <a href=\"https:\/\/www.galeriemondapart.com\" target=\"_blank\" rel=\"noreferrer noopener\" aria-label=\" (s\u2019ouvre dans un nouvel onglet)\">Mondapart<\/a> \u00e0 Boulogne-Billancourt.<\/p>\n","protected":false},"excerpt":{"rendered":"<p>Exposition au pr\u00e8s de la peintre Val\u00e9rie B\u00e9toulaud \u00e0 la galerie Mondapart \u00e0 Boulogne-Billancourt.<\/p>\n","protected":false},"author":1,"featured_media":0,"comment_status":"closed","ping_status":"open","sticky":false,"template":"","format":"standard","meta":{"footnotes":""},"categories":[9],"tags":[],"class_list":["post-783","post","type-post","status-publish","format-standard","hentry","category-actualites"],"_links":{"self":[{"href":"https:\/\/www.marierequillart.com\/w\/wp-json\/wp\/v2\/posts\/783","targetHints":{"allow":["GET"]}}],"collection":[{"href":"https:\/\/www.marierequillart.com\/w\/wp-json\/wp\/v2\/posts"}],"about":[{"href":"https:\/\/www.marierequillart.com\/w\/wp-json\/wp\/v2\/types\/post"}],"author":[{"embeddable":true,"href":"https:\/\/www.marierequillart.com\/w\/wp-json\/wp\/v2\/users\/1"}],"replies":[{"embeddable":true,"href":"https:\/\/www.marierequillart.com\/w\/wp-json\/wp\/v2\/comments?post=783"}],"version-history":[{"count":12,"href":"https:\/\/www.marierequillart.com\/w\/wp-json\/wp\/v2\/posts\/783\/revisions"}],"predecessor-version":[{"id":809,"href":"https:\/\/www.marierequillart.com\/w\/wp-json\/wp\/v2\/posts\/783\/revisions\/809"}],"wp:attachment":[{"href":"https:\/\/www.marierequillart.com\/w\/wp-json\/wp\/v2\/media?parent=783"}],"wp:term":[{"taxonomy":"category","embeddable":true,"href":"https:\/\/www.marierequillart.com\/w\/wp-json\/wp\/v2\/categories?post=783"},{"taxonomy":"post_tag","embeddable":true,"href":"https:\/\/www.marierequillart.com\/w\/wp-json\/wp\/v2\/tags?post=783"}],"curies":[{"name":"wp","href":"https:\/\/api.w.org\/{rel}","templated":true}]}}