{"id":822,"date":"2019-06-10T13:13:29","date_gmt":"2019-06-10T11:13:29","guid":{"rendered":"https:\/\/www.marierequillart.com\/w\/?p=822"},"modified":"2019-06-10T15:03:23","modified_gmt":"2019-06-10T13:03:23","slug":"du-13-au-19-aout-2019","status":"publish","type":"post","link":"https:\/\/www.marierequillart.com\/w\/archives\/822","title":{"rendered":"du 13 au 19 ao\u00fbt 2019"},"content":{"rendered":"\n<p>Exposition collective sur l&rsquo;\u00cele de R\u00e9 \u00e0 La Bienveillante, 29 bis avenue des Salines 17880 Les Portes en R\u00e9.<\/p>\n\n\n\n<div class=\"wp-block-image\"><figure class=\"aligncenter is-resized\"><a href=\"https:\/\/www.marierequillart.com\/w\/wp-content\/uploads\/2019\/06\/flyer-20194.jpg\" target=\"_blank\" rel=\"noreferrer noopener\"><img loading=\"lazy\" decoding=\"async\" src=\"https:\/\/www.marierequillart.com\/w\/wp-content\/uploads\/2019\/06\/flyer-20194.jpg\" alt=\"\" class=\"wp-image-827\" width=\"434\" height=\"620\" srcset=\"https:\/\/www.marierequillart.com\/w\/wp-content\/uploads\/2019\/06\/flyer-20194.jpg 1736w, https:\/\/www.marierequillart.com\/w\/wp-content\/uploads\/2019\/06\/flyer-20194-210x300.jpg 210w, https:\/\/www.marierequillart.com\/w\/wp-content\/uploads\/2019\/06\/flyer-20194-768x1097.jpg 768w, https:\/\/www.marierequillart.com\/w\/wp-content\/uploads\/2019\/06\/flyer-20194-717x1024.jpg 717w\" sizes=\"auto, (max-width: 434px) 100vw, 434px\" \/><\/a><\/figure><\/div>\n","protected":false},"excerpt":{"rendered":"<p>Exposition collective sur l&rsquo;\u00cele de R\u00e9 \u00e0 La Bienveillante, 29 bis avenue des Salines 17880 Les Portes en R\u00e9.<\/p>\n","protected":false},"author":1,"featured_media":0,"comment_status":"closed","ping_status":"open","sticky":false,"template":"","format":"standard","meta":{"footnotes":""},"categories":[9],"tags":[],"class_list":["post-822","post","type-post","status-publish","format-standard","hentry","category-actualites"],"_links":{"self":[{"href":"https:\/\/www.marierequillart.com\/w\/wp-json\/wp\/v2\/posts\/822","targetHints":{"allow":["GET"]}}],"collection":[{"href":"https:\/\/www.marierequillart.com\/w\/wp-json\/wp\/v2\/posts"}],"about":[{"href":"https:\/\/www.marierequillart.com\/w\/wp-json\/wp\/v2\/types\/post"}],"author":[{"embeddable":true,"href":"https:\/\/www.marierequillart.com\/w\/wp-json\/wp\/v2\/users\/1"}],"replies":[{"embeddable":true,"href":"https:\/\/www.marierequillart.com\/w\/wp-json\/wp\/v2\/comments?post=822"}],"version-history":[{"count":5,"href":"https:\/\/www.marierequillart.com\/w\/wp-json\/wp\/v2\/posts\/822\/revisions"}],"predecessor-version":[{"id":830,"href":"https:\/\/www.marierequillart.com\/w\/wp-json\/wp\/v2\/posts\/822\/revisions\/830"}],"wp:attachment":[{"href":"https:\/\/www.marierequillart.com\/w\/wp-json\/wp\/v2\/media?parent=822"}],"wp:term":[{"taxonomy":"category","embeddable":true,"href":"https:\/\/www.marierequillart.com\/w\/wp-json\/wp\/v2\/categories?post=822"},{"taxonomy":"post_tag","embeddable":true,"href":"https:\/\/www.marierequillart.com\/w\/wp-json\/wp\/v2\/tags?post=822"}],"curies":[{"name":"wp","href":"https:\/\/api.w.org\/{rel}","templated":true}]}}