{"id":873,"date":"2020-02-25T15:28:25","date_gmt":"2020-02-25T14:28:25","guid":{"rendered":"https:\/\/www.marierequillart.com\/w\/?p=873"},"modified":"2020-02-25T15:30:54","modified_gmt":"2020-02-25T14:30:54","slug":"28-fevrier-au-8-mars-2020","status":"publish","type":"post","link":"https:\/\/www.marierequillart.com\/w\/archives\/873","title":{"rendered":"28 f\u00e9vrier au 8 mars 2020"},"content":{"rendered":"\n<p>Pour les curieux qui n\u2019ont pas encore d\u00e9couvert Lola ou qui veulent d\u00e9couvrir deux nouvelles cr\u00e9ations Ailleurs et Phare, rendez-vous \u00e0 la \u00ab carte blanche \u00bb des galeries boulonnaises  \u00e0  l\u2019espace Landowsky. <\/p>\n\n\n\n<h4 class=\"wp-block-heading\"><strong>Informations pratiques<\/strong><\/h4>\n\n\n\n<p>Carte blanche aux galeries d\u2019art <br>Entr\u00e9e libre tous les jours de 8h \u00e0 21h<br>Du vendredi 28 f\u00e9vrier au dimanche 8 mars 2020<br>Pr\u00e9sence des galeristes sur leur stand de 13h \u00e0 19h<br>Vernissage vendredi 28 f\u00e9vrier \u00e0 18h30<br>Espace Landowski:28, rue Andr\u00e9-Morizet, Boulogne-Billancourt<br>M\u00e9tro: Marcel Sembat<\/p>\n\n\n\n<div class=\"wp-block-image\"><figure class=\"aligncenter size-large\"><img loading=\"lazy\" decoding=\"async\" width=\"537\" height=\"762\" src=\"https:\/\/www.marierequillart.com\/w\/wp-content\/uploads\/2020\/02\/carte-blanche-2020.png\" alt=\"\" class=\"wp-image-874\" srcset=\"https:\/\/www.marierequillart.com\/w\/wp-content\/uploads\/2020\/02\/carte-blanche-2020.png 537w, https:\/\/www.marierequillart.com\/w\/wp-content\/uploads\/2020\/02\/carte-blanche-2020-211x300.png 211w\" sizes=\"auto, (max-width: 537px) 100vw, 537px\" \/><\/figure><\/div>\n","protected":false},"excerpt":{"rendered":"<p>Pour les curieux qui n\u2019ont pas encore d\u00e9couvert Lola ou qui veulent d\u00e9couvrir deux nouvelles cr\u00e9ations Ailleurs et Phare, rendez-vous \u00e0 la \u00ab carte blanche \u00bb des galeries boulonnaises \u00e0 l\u2019espace Landowsky. Informations pratiques Carte blanche aux galeries d\u2019art Entr\u00e9e [&hellip;]<\/p>\n","protected":false},"author":1,"featured_media":0,"comment_status":"closed","ping_status":"open","sticky":false,"template":"","format":"standard","meta":{"footnotes":""},"categories":[9],"tags":[],"class_list":["post-873","post","type-post","status-publish","format-standard","hentry","category-actualites"],"_links":{"self":[{"href":"https:\/\/www.marierequillart.com\/w\/wp-json\/wp\/v2\/posts\/873","targetHints":{"allow":["GET"]}}],"collection":[{"href":"https:\/\/www.marierequillart.com\/w\/wp-json\/wp\/v2\/posts"}],"about":[{"href":"https:\/\/www.marierequillart.com\/w\/wp-json\/wp\/v2\/types\/post"}],"author":[{"embeddable":true,"href":"https:\/\/www.marierequillart.com\/w\/wp-json\/wp\/v2\/users\/1"}],"replies":[{"embeddable":true,"href":"https:\/\/www.marierequillart.com\/w\/wp-json\/wp\/v2\/comments?post=873"}],"version-history":[{"count":3,"href":"https:\/\/www.marierequillart.com\/w\/wp-json\/wp\/v2\/posts\/873\/revisions"}],"predecessor-version":[{"id":877,"href":"https:\/\/www.marierequillart.com\/w\/wp-json\/wp\/v2\/posts\/873\/revisions\/877"}],"wp:attachment":[{"href":"https:\/\/www.marierequillart.com\/w\/wp-json\/wp\/v2\/media?parent=873"}],"wp:term":[{"taxonomy":"category","embeddable":true,"href":"https:\/\/www.marierequillart.com\/w\/wp-json\/wp\/v2\/categories?post=873"},{"taxonomy":"post_tag","embeddable":true,"href":"https:\/\/www.marierequillart.com\/w\/wp-json\/wp\/v2\/tags?post=873"}],"curies":[{"name":"wp","href":"https:\/\/api.w.org\/{rel}","templated":true}]}}