{"id":896,"date":"2020-08-05T22:33:06","date_gmt":"2020-08-05T20:33:06","guid":{"rendered":"https:\/\/www.marierequillart.com\/w\/?p=896"},"modified":"2020-09-03T17:44:45","modified_gmt":"2020-09-03T15:44:45","slug":"du-13-au-19-aout-2020","status":"publish","type":"post","link":"https:\/\/www.marierequillart.com\/w\/archives\/896","title":{"rendered":"Du 13 au 19 ao\u00fbt 2020"},"content":{"rendered":"\n<p>Exposition collective sur l&rsquo;\u00cele de R\u00e9 \u00e0 La Bienveillante, 29 bis avenue des Salines 17880 Les Portes en R\u00e9.<\/p>\n\n\n\n<div class=\"wp-block-image\"><figure class=\"aligncenter size-large\"><img loading=\"lazy\" decoding=\"async\" width=\"719\" height=\"1024\" src=\"https:\/\/www.marierequillart.com\/w\/wp-content\/uploads\/2020\/08\/Affiche-les-portes-2020-719x1024.png\" alt=\"\" class=\"wp-image-898\" srcset=\"https:\/\/www.marierequillart.com\/w\/wp-content\/uploads\/2020\/08\/Affiche-les-portes-2020-719x1024.png 719w, https:\/\/www.marierequillart.com\/w\/wp-content\/uploads\/2020\/08\/Affiche-les-portes-2020-211x300.png 211w, https:\/\/www.marierequillart.com\/w\/wp-content\/uploads\/2020\/08\/Affiche-les-portes-2020-768x1094.png 768w, https:\/\/www.marierequillart.com\/w\/wp-content\/uploads\/2020\/08\/Affiche-les-portes-2020.png 813w\" sizes=\"auto, (max-width: 719px) 100vw, 719px\" \/><\/figure><\/div>\n","protected":false},"excerpt":{"rendered":"<p>Exposition collective sur l&rsquo;\u00cele de R\u00e9 \u00e0 La Bienveillante, 29 bis avenue des Salines 17880 Les Portes en R\u00e9.<\/p>\n","protected":false},"author":1,"featured_media":0,"comment_status":"closed","ping_status":"open","sticky":false,"template":"","format":"standard","meta":{"footnotes":""},"categories":[9],"tags":[],"class_list":["post-896","post","type-post","status-publish","format-standard","hentry","category-actualites"],"_links":{"self":[{"href":"https:\/\/www.marierequillart.com\/w\/wp-json\/wp\/v2\/posts\/896","targetHints":{"allow":["GET"]}}],"collection":[{"href":"https:\/\/www.marierequillart.com\/w\/wp-json\/wp\/v2\/posts"}],"about":[{"href":"https:\/\/www.marierequillart.com\/w\/wp-json\/wp\/v2\/types\/post"}],"author":[{"embeddable":true,"href":"https:\/\/www.marierequillart.com\/w\/wp-json\/wp\/v2\/users\/1"}],"replies":[{"embeddable":true,"href":"https:\/\/www.marierequillart.com\/w\/wp-json\/wp\/v2\/comments?post=896"}],"version-history":[{"count":3,"href":"https:\/\/www.marierequillart.com\/w\/wp-json\/wp\/v2\/posts\/896\/revisions"}],"predecessor-version":[{"id":936,"href":"https:\/\/www.marierequillart.com\/w\/wp-json\/wp\/v2\/posts\/896\/revisions\/936"}],"wp:attachment":[{"href":"https:\/\/www.marierequillart.com\/w\/wp-json\/wp\/v2\/media?parent=896"}],"wp:term":[{"taxonomy":"category","embeddable":true,"href":"https:\/\/www.marierequillart.com\/w\/wp-json\/wp\/v2\/categories?post=896"},{"taxonomy":"post_tag","embeddable":true,"href":"https:\/\/www.marierequillart.com\/w\/wp-json\/wp\/v2\/tags?post=896"}],"curies":[{"name":"wp","href":"https:\/\/api.w.org\/{rel}","templated":true}]}}